{"provider_url": "https://www.varresai.rj.leg.br", "title": "Mesas Diretoras (todas as legislaturas)", "html": "<div class=\"WordSection1\">\r\n<p style=\"text-align: center; \">Mesa Diretora Exerc\u00edcio 1993</p>\r\n<p style=\"text-align: center; \">Presidente \u2013 Sebasti\u00e3o Abib Oliveira Vargas Vice-Presidente 1\u00ba secret\u00e1rio Jo\u00e3o Batista Fabri 2\u00ba secret\u00e1rio Altino Jos\u00e9 Meira Grillo</p>\r\n<p style=\"text-align: center; \">Mesa Diretora Exerc\u00edcio 1994</p>\r\n<p style=\"text-align: center; \">Presidente - Altino Jos\u00e9 Meira Grillo. Vice-Presidente Sebasti\u00e3o Abib Oliveira Vargas 1\u00ba secret\u00e1rio secret\u00e1rio Jo\u00e3o Batista Fabri 2\u00ba secret\u00e1rio Francisco Dutra de Oliveira</p>\r\n<p align=\"left\" style=\"text-align: center; \">Mesa Diretora Exerc\u00edcio 1995</p>\r\n<p style=\"text-align: center; \">Presidente Jo\u00e3o Batista Fabri Vice-Presidente Ant\u00f4nio Carlos Celebrini 1\u00ba secret\u00e1rio Roberto Jos\u00e9 Ferreira Filho 2\u00ba secret\u00e1rio Francisco Dutra de Oliveira</p>\r\n<p style=\"text-align: center; \">Mesa Diretora Exerc\u00edcio 1996</p>\r\n<p style=\"text-align: center; \">Presidente Francisco Dutra de Oliveira Vice-Presidente Altino Jos\u00e9 Meira Grillo 1\u00ba secret\u00e1rio Roberto Jos\u00e9 Ferreira Filho secret\u00e1rio 2\u00ba secret\u00e1rio Ant\u00f4nio Carlos Celebrini</p>\r\n<p style=\"text-align: center; \">\u00a0Mesa Diretora Exerc\u00edcio 1997</p>\r\n<p style=\"text-align: center; \">Presidente Thadeu M\u00e1rio Ferreira\u00a0 Vice-Presidente Sebasti\u00e3o Abib Oliveira Vargas 1\u00ba secret\u00e1rio Nilg\u00e9sio Siqueira Polido 2\u00ba secret\u00e1rio Robson Ribeiro Valentim Leal</p>\r\n<p align=\"left\" style=\"text-align: center; \">\u00a0 Mesa Diretora Exerc\u00edcio 1998</p>\r\n<p style=\"text-align: center; \">Presidente Thadeu M\u00e1rio Ferreira Vice-Presidente Ot\u00e1vio santos Filho 1\u00ba secret\u00e1rio Nilg\u00e9sio Siqueira Polido 2\u00ba secret\u00e1rio Robson Ribeiro Valentim</p>\r\n<p align=\"left\" style=\"text-align: center; \">\u00a0</p>\r\n<p style=\"text-align: center; \">\u00a0\u00a0\u00a0\u00a0\u00a0\u00a0\u00a0\u00a0\u00a0\u00a0\u00a0\u00a0\u00a0\u00a0\u00a0\u00a0\u00a0\u00a0\u00a0\u00a0\u00a0\u00a0\u00a0\u00a0\u00a0\u00a0\u00a0\u00a0\u00a0\u00a0\u00a0\u00a0\u00a0\u00a0\u00a0 Mesa Diretora Exerc\u00edcio 1999</p>\r\n<p style=\"text-align: center; \">Presidente Robson Ribeiro Valentim Leal Vice-Presidente Nilg\u00e9sio Siqueira Polido 1\u00ba secret\u00e1rio Gerson Fernandes Reis 2\u00ba secret\u00e1rio Ot\u00e1vio Santos Filho PER\u00cdODO DE 01 DE JANEIRO A 30 DE MAR\u00c7O 1999.</p>\r\n<p align=\"left\" style=\"text-align: center; \">\u00a0 Mesa Diretora Exerc\u00edcio 1999</p>\r\n<p style=\"text-align: center; \">Presidente Nilg\u00e9sio Siqueira Polido , Vice-Presidente Luiz Ant\u00f4nio Pirozzi 1\u00ba secret\u00e1rio Gerson Fernandes Reis 2\u00ba secret\u00e1rio Ot\u00e1vio Santos Filho PER\u00cdODO DE 31 DE MAR\u00c7O A 31 DE DEZEMBRO DE 1999</p>\r\n<p align=\"left\" style=\"text-align: center; \">\u00a0Mesa Diretora Exerc\u00edcio de 2000,</p>\r\n<p style=\"text-align: center; \">Presidente Robson Ribeiro Valentim Leal, Vice-Presidente Luiz Ant\u00f4nio Pirozzi, 1\u00ba. Secret\u00e1rio Gerson Fernandes Reis e 2\u00ba. Secret\u00e1rio Thadeu M\u00e1rio Ferreira</p>\r\n<p style=\"text-align: center; \">\u00a0Mesa Diretora Exerc\u00edcio de 2001</p>\r\n<p style=\"text-align: center; \">Presidente Francisco Dutra de Oliveira, Vice-Presidente Ant\u00f4nio Carlos Celebrini, 1\u00ba. Secret\u00e1rio Marlene Abib de Oliveira Fabri e 2\u00ba. Secret\u00e1rio Altino Jos\u00e9 Meira Grillo</p>\r\n</div>\r\n<p style=\"text-align: center; \">\u00a0</p>\r\n<div class=\"WordSection2\" style=\"text-align: center; \">\r\n<p>Mesa Diretora Exerc\u00edcio de 2002</p>\r\n<p>Presidente Altino Jos\u00e9 Meira Grillo, Vice-Presidente Ant\u00f4nio Carlos Celebrini, 1\u00basecret\u00e1rio Marlene Abib de Oliveira Fabri Secret\u00e1rio 2\u00ba. Secret\u00e1rio Jo\u00e3o Batista Fabri</p>\r\n<p>Mesa Diretora Exerc\u00edcio de 2003</p>\r\n<p>Presidente Ant\u00f4nio Carlos Celebrini, Vice-Presidente Francisco Dutra de Oliveira, 1\u00ba. Secret\u00e1rio Jo\u00e3o Batista Fabri 2\u00ba. Secret\u00e1rio M\u00e1rcio Moura Martins,</p>\r\n<p align=\"left\">\u00a0</p>\r\n<p align=\"left\">\u00a0</p>\r\n<p>Mesa Diretora Exerc\u00edcio de 2.004</p>\r\n<p>Presidente Francisco Dutra de Oliveira, Vice-Presidente Ant\u00f4nio Carlos Celebrini, 1\u00ba. Secret\u00e1rio Thadeu M\u00e1rio Ferreira e 2\u00ba. Secret\u00e1rio Dalila de Assis Moraes Parreira da Silva</p>\r\n<p align=\"left\">\u00a0Mesa Diretora Exerc\u00edcio de 2.005</p>\r\n<p>Presidente \u2013 Francisco Dutra de Oliveira, Vice-Presidente: Jos\u00e9 Ant\u00f4nio de Oliveira, 1\u00ba Secret\u00e1rio \u2013 Jean Pierre Vieira Valentim, 2\u00ba Secret\u00e1rio \u2013 Cl\u00e1udio Magno Paulanti.</p>\r\n<p align=\"left\">\u00a0</p>\r\n<p align=\"left\">Mesa Diretora Exerc\u00edcio de 2006</p>\r\n<p>Presidente \u2013 Francisco Dutra de Oliveira, Vice-Presidente: Jos\u00e9 Ant\u00f4nio de Oliveira, 1\u00ba Secret\u00e1rio - Elcinei Borges de Oliveira, 2\u00ba Secret\u00e1rio \u2013 Thadeu M\u00e1rio Ferreira.</p>\r\n<p align=\"left\">Mesa Diretora Exerc\u00edcio de 2007</p>\r\n<p>Presidente \u2013 Jos\u00e9 Ant\u00f4nio de Oliveira, Vice-Presidente: Elcinei Borges de Oliveira, 1\u00ba Secret\u00e1rio - Thadeu M\u00e1rio Ferreira, 2\u00ba Secret\u00e1rio - Cl\u00e1udio Magno Paulanti</p>\r\n<p align=\"left\">\u00a0</p>\r\n<p>\u00a0\u00a0\u00a0\u00a0\u00a0\u00a0\u00a0\u00a0\u00a0\u00a0\u00a0\u00a0\u00a0\u00a0\u00a0\u00a0\u00a0\u00a0 Mesa Diretora Exerc\u00edcio de 2008,</p>\r\n<p>Presidente \u2013 Jos\u00e9 Ant\u00f4nio de Oliveira, Vice-Presidente: Jean Pierre Vieira Valentim, 1\u00ba Secret\u00e1rio - Juscelino Gon\u00e7alves de Oliveira Vargas, 2\u00ba Secret\u00e1rio - Cl\u00e1udio Magno Paulanti.</p>\r\n<p align=\"left\">\u00a0</p>\r\n<p>\u00a0\u00a0\u00a0\u00a0\u00a0\u00a0\u00a0\u00a0\u00a0\u00a0\u00a0\u00a0\u00a0\u00a0\u00a0\u00a0\u00a0\u00a0\u00a0 Mesa Diretora Exerc\u00edcio 2009</p>\r\n<p>Presidente Jean Pierre Vieira Valentim, Vice- Presidente Marcos Ferreira, 1\u00ba Secret\u00e1rio Cl\u00e1udio Magno Paulanti, 2\u00ba Secret\u00e1rio Rafael de Oliveira Ramos</p>\r\n<p align=\"left\">\u00a0</p>\r\n<p>\u00a0\u00a0\u00a0\u00a0\u00a0\u00a0\u00a0\u00a0\u00a0\u00a0\u00a0\u00a0\u00a0\u00a0\u00a0\u00a0\u00a0\u00a0\u00a0 Mesa Diretora Exerc\u00edcio de 2010</p>\r\n<p>Presidente Jean Pierre Vieira Valentim, Vice- Presidente Gilson Vargas Boechat, 1\u00ba Secret\u00e1rio Maristela Louvain Fabri Moraes 2\u00ba Secret\u00e1rio Altino Jos\u00e9 Meira Grilo J\u00fanior</p>\r\n</div>\r\n<p style=\"text-align: center; \">\u00a0</p>\r\n<p style=\"text-align: center; \">\u00a0\u00a0\u00a0\u00a0\u00a0\u00a0\u00a0\u00a0\u00a0\u00a0\u00a0\u00a0\u00a0\u00a0\u00a0\u00a0\u00a0 Mesa Diretora Exerc\u00edcio de 2011</p>\r\n<p style=\"text-align: center; \">Presidente \u2013 Cl\u00e1udio Magno Paulanti, Vice-Presidente - Gilson Vargas Boechat, 1\u00ba Secret\u00e1rio \u2013 Maristela Louvain Fabri Moraes, 2\u00ba Secret\u00e1rio \u2013 Rafael de Oliveira Ramos.</p>\r\n<p align=\"left\" style=\"text-align: center; \">\u00a0</p>\r\n<p style=\"text-align: center; \">\u00a0\u00a0\u00a0\u00a0\u00a0\u00a0\u00a0\u00a0\u00a0\u00a0\u00a0\u00a0\u00a0\u00a0\u00a0\u00a0\u00a0 Mesa Diretora Exerc\u00edcio de 2012</p>\r\n<p style=\"text-align: center; \">Presidente \u2013 Cl\u00e1udio Mago Paulanti, Vice-Presidente \u2013 Rafael de Oliveira Ramos, 1\u00ba Secret\u00e1rio \u2013 Altino Jos\u00e9 Meira Grilo J\u00fanior, 2\u00ba Secret\u00e1rio \u2013 Gilson Vargas Boechat.</p>\r\n<p style=\"text-align: center; \">\u00a0\u00a0\u00a0\u00a0\u00a0\u00a0\u00a0\u00a0\u00a0\u00a0\u00a0\u00a0\u00a0\u00a0\u00a0\u00a0\u00a0 Mesa Diretora Exerc\u00edcio de 2013</p>\r\n<p style=\"text-align: center; \">Presidente Maristela Louvain Fabri Moraes- Vice-Presidente Cl\u00e1udio Magno Paulanti, 1\u00ba Secret\u00e1rio Silvana Ferreira 2\u00ba Secret\u00e1rio Ant\u00f4nio Jos\u00e9 Ferreira</p>\r\n<p style=\"text-align: center; \">\u00a0\u00a0\u00a0\u00a0\u00a0\u00a0\u00a0\u00a0\u00a0\u00a0\u00a0\u00a0\u00a0\u00a0\u00a0\u00a0\u00a0 Mesa Diretora Exerc\u00edcio de 2014</p>\r\n<p align=\"left\" style=\"text-align: center; \">Presidente Maristela Louvain Fabri Vice-Presidente Emerson Pimenta Lopes 1\u00ba Secret\u00e1rio Silvana Ferreira 2\u00ba Secret\u00e1rio Ant\u00f4nio Jos\u00e9 Ferreira</p>\r\n<p style=\"text-align: center; \">\u00a0\u00a0\u00a0\u00a0\u00a0\u00a0\u00a0\u00a0\u00a0\u00a0\u00a0\u00a0\u00a0\u00a0\u00a0\u00a0\u00a0 Mesa Diretora Exerc\u00edcio de 2015</p>\r\n<p style=\"text-align: center; \">Presidente Rogerio Ramos de Oliveira J\u00fanior Vice-Presidente Ant\u00f4nio Machado de Souza 1\u00ba Secret\u00e1rio Ant\u00f4nio Jos\u00e9 Ferreira 2\u00ba Secret\u00e1rio Cl\u00e1udio Magno Paulanti</p>\r\n<p style=\"text-align: center; \">\u00a0\u00a0\u00a0\u00a0\u00a0\u00a0\u00a0\u00a0\u00a0\u00a0\u00a0\u00a0\u00a0\u00a0\u00a0\u00a0\u00a0\u00a0 Mesa Diretora Exerc\u00edcio de 2016</p>\r\n<p style=\"text-align: center; \">\u00a0</p>\r\n<p style=\"text-align: center; \">Presidente Rogerio Ramos de Oliveira J\u00fanior Vice-Presidente Ant\u00f4nio Machado de Souza 1\u00ba Secret\u00e1rio Ant\u00f4nio Jos\u00e9 Ferreira 2\u00ba Secret\u00e1rio Cl\u00e1udio Magno Paulanti</p>\r\n<p style=\"text-align: center; \">\u00a0</p>\r\n<p style=\"text-align: center; \">\u00a0\u00a0\u00a0\u00a0\u00a0\u00a0\u00a0\u00a0\u00a0\u00a0\u00a0\u00a0\u00a0\u00a0\u00a0\u00a0\u00a0\u00a0 Mesa Diretora Exerc\u00edcio de 2017</p>\r\n<p style=\"text-align: center; \">\u00a0</p>\r\n<p style=\"text-align: center; \">Presidente Cl\u00e1udio Magno Paulanti Vice-Presidente Ant\u00f4nio Said de Oliveira Junior 1\u00ba Secret\u00e1rio Jos\u00e9 Pedro Rodolfi J\u00fanior 2\u00ba Secret\u00e1rio Jos\u00e9 Maria de Freitas Pellegrini</p>\r\n<p align=\"left\" style=\"text-align: center; \">\u00a0</p>\r\n<p style=\"text-align: center; \">\u00a0\u00a0\u00a0\u00a0\u00a0\u00a0\u00a0\u00a0\u00a0\u00a0\u00a0\u00a0\u00a0\u00a0\u00a0\u00a0\u00a0\u00a0 Mesa Diretora Exerc\u00edcio de 2018</p>\r\n<p style=\"text-align: center; \">\u00a0</p>\r\n<p style=\"text-align: center; \">Presidente Antonio Jos\u00e9 Ferreira Vice-Presidente Jos\u00e9 Pedro Rodolfi J\u00fanior 1\u00ba Secret\u00e1rio Cl\u00e1udio Magno Paulanti 2\u00ba Secret\u00e1rio Alex Assis Vioti Vargas dos</p>\r\n<p style=\"text-align: center; \">Santos</p>\r\n<p style=\"text-align: center; \">\u00a0</p>\r\n<p style=\"text-align: center; \">\u00a0\u00a0\u00a0\u00a0\u00a0\u00a0\u00a0\u00a0\u00a0\u00a0\u00a0\u00a0\u00a0\u00a0\u00a0\u00a0\u00a0\u00a0\u00a0\u00a0 Mesa Diretora Exerc\u00edcio de 2019</p>\r\n<p style=\"text-align: center; \">\u00a0</p>\r\n<p style=\"text-align: center; \">Presidente Antonio Jos\u00e9 Ferreira Vice-Presidente Jos\u00e9 Pedro Rodolfi J\u00fanior 1\u00ba Secret\u00e1rio Ant\u00f4nio Said de Oliveira Junior 2\u00ba Secret\u00e1rio Jos\u00e9 Maria de Freitas Pellegrini</p>\r\n<p style=\"text-align: center; \">\u00a0</p>\r\n<p style=\"text-align: center; \">\u00a0\u00a0\u00a0\u00a0\u00a0\u00a0\u00a0\u00a0\u00a0\u00a0\u00a0\u00a0\u00a0\u00a0\u00a0\u00a0\u00a0\u00a0\u00a0\u00a0 Mesa Diretora Exerc\u00edcio de 2020</p>\r\n<p style=\"text-align: center; \">\u00a0</p>\r\n<p style=\"text-align: center; \">Presidente Jos\u00e9 Antonio de Oliveira Vice-Presidente Ant\u00f4nio Said de Oliveira Junior 1\u00ba Secret\u00e1rio Cl\u00e1udio Magno Paulanti 2\u00ba Secret\u00e1rio Alex Assis Vioti Vargas dos</p>\r\n<p style=\"text-align: center; \">Santos</p>\r\n<p style=\"text-align: center; \">\u00a0</p>\r\n<p style=\"text-align: center; \">\u00a0\u00a0\u00a0\u00a0\u00a0\u00a0\u00a0\u00a0\u00a0\u00a0\u00a0\u00a0\u00a0\u00a0\u00a0\u00a0\u00a0\u00a0\u00a0\u00a0 Mesa Diretora Exerc\u00edcio de 2021</p>\r\n<p style=\"text-align: center; \">\u00a0</p>\r\n<p style=\"text-align: center; \">Presidente Luiz Carlos dos Santos Mota Vice-Presidente Jos\u00e9 Pedro Rodolfi J\u00fanior 1\u00ba Secret\u00e1rio Fabricio Geraldo Pimentel 2\u00ba Secret\u00e1rio Rafael de Oliveira Ramos</p>\r\n<p style=\"text-align: center; \">\u00a0</p>\r\n<p style=\"text-align: center; \">\u00a0\u00a0\u00a0\u00a0\u00a0\u00a0\u00a0\u00a0\u00a0\u00a0\u00a0\u00a0\u00a0\u00a0\u00a0\u00a0\u00a0\u00a0\u00a0\u00a0 Mesa Diretora Exerc\u00edcio de 2022</p>\r\n<p style=\"text-align: center; \">\u00a0</p>\r\n<p style=\"text-align: center; \">Presidente Cl\u00e1udio Magno Paulanti Vice-Presidente Ant\u00f4nio Said de Oliveira Junior 1\u00ba Secret\u00e1rio Fabricio Geraldo Pimentel 2\u00ba Secret\u00e1rio Rafael de Oliveira Ramos</p>\r\n<p style=\"text-align: center; \">\u00a0</p>\r\n<p style=\"text-align: center; \">\u00a0\u00a0\u00a0\u00a0\u00a0\u00a0\u00a0\u00a0\u00a0\u00a0\u00a0\u00a0\u00a0\u00a0\u00a0\u00a0\u00a0\u00a0\u00a0\u00a0 Mesa Diretora Exerc\u00edcio de 2023</p>\r\n<p style=\"text-align: center; \">\u00a0</p>\r\n<p style=\"text-align: center; \">Presidente Jean Pierre Vieira Valentim Vice-Presidente Ant\u00f4nio Said de Oliveira Junior 1\u00ba Secret\u00e1rio Jos\u00e9 Pedro Rodolfi J\u00fanior\u00a0 2\u00ba Secret\u00e1rio Fabricio Geraldo Pimentel</p>\r\n<p style=\"text-align: center; \">\u00a0</p>\r\n<p style=\"text-align: center; \">\u00a0\u00a0\u00a0\u00a0\u00a0\u00a0\u00a0\u00a0\u00a0\u00a0\u00a0\u00a0\u00a0\u00a0\u00a0\u00a0\u00a0\u00a0\u00a0\u00a0 Mesa Diretora Exerc\u00edcio de 2024</p>\r\n<p style=\"text-align: center; \">\u00a0</p>\r\n<p style=\"text-align: center; \">Presidente Fabricio Geraldo Pimentel Vice-Presidente Luiz Carlos dos Santos Mota 1\u00ba Secret\u00e1rio Jos\u00e9 Pedro Rodolfi J\u00fanior\u00a0 2\u00ba Secret\u00e1rio Rafael de Oliveira Ramos</p>\r\n<p style=\"text-align: center; \">\u00a0</p>\r\n<p style=\"text-align: center; \">\u00a0</p>\r\n<p style=\"text-align: center; \">\u00a0\u00a0\u00a0\u00a0\u00a0\u00a0\u00a0\u00a0\u00a0\u00a0\u00a0\u00a0\u00a0\u00a0\u00a0\u00a0\u00a0\u00a0\u00a0\u00a0 Mesa Diretora Exerc\u00edcio de 2025</p>\r\n<p style=\"text-align: center; \">\u00a0</p>\r\n<p style=\"text-align: center; \">Presidente Jos\u00e9 Pedro Rodolfi J\u00fanior\u00a0 Vice-Presidente Antonio Jos\u00e9 Ferreira 1\u00ba Secret\u00e1rio Cl\u00e1udio Magno Paulanti 2\u00ba Secret\u00e1rio Rafael de Oliveira Ramos</p>\r\n<p style=\"text-align: center; \">\u00a0</p>\r\n<p style=\"text-align: center; \">Mesa Diretora Exerc\u00edcio de 2026</p>\r\n<p style=\"text-align: center; \">\u00a0</p>\r\n<p style=\"text-align: center; \"><span>Presidente - Sanderson Heleno de Matos Mariano,\u00a0 Vice-Presidente -\u00a0<span>Cl\u00e1udio Magno Paulanti,</span>1\u00ba Secret\u00e1rio -<span>Jos\u00e9 Maria de Freitas Pellegrini,</span> 2\u00ba Secret\u00e1rio - Paula Abib Fabri</span></p>\r\n<p style=\"text-align: center; \">\u00a0</p>\r\n<p style=\"text-align: center; \">\u00a0</p>", "author_name": "", "version": "1.0", "author_url": "https://www.varresai.rj.leg.br/author/adm", "provider_name": "Camara Municipal", "type": "rich"}